{"id":8351,"date":"2022-12-14T10:05:28","date_gmt":"2022-12-14T10:05:28","guid":{"rendered":"https:\/\/revue-traverse.ch\/?p=8351"},"modified":"2022-12-14T10:20:32","modified_gmt":"2022-12-14T10:20:32","slug":"expositions-sur-les-saisonniers%c2%b7eres","status":"publish","type":"post","link":"https:\/\/revue-traverse.ch\/fr\/expositions-sur-les-saisonniers%c2%b7eres\/","title":{"rendered":"Expositions sur les saisonniers\u00b7\u00e8res"},"content":{"rendered":"\n<p>Au moment o\u00f9 para\u00eet la troisi\u00e8me livraison de <em>traverse<\/em> sur les saisonniers\u00b7\u00e8res en Suisse en cette fin d\u2019ann\u00e9e 2022, la th\u00e9matique para\u00eet \u00eatre au c\u0153ur de l\u2019actualit\u00e9. Alors que les stations de skis recherchent activement pour la saison qui s\u2019ouvre une main d\u2019\u0153uvre devenue rare, deux expositions retracent le sort de ces travailleurs\u00b7euses migrants\u00b7es. Celui-ci fait l\u2019objet depuis peu de r\u00e9flexions historiques et m\u00e9morielles et est actuellement au c\u0153ur de deux expositions, \u00e0 La Chaux-de-Fonds et \u00e0 Bienne.<\/p>\n\n\n\n<p>Le Mus\u00e9e historique de La Chaux-de-Fonds propose une exposition sur les \u00abenfants du placard\u00bb (jusqu\u2019au 9 mars 2023), bas\u00e9e sur un projet de recherche du Fonds national suisse et dont les autrices ont contribu\u00e9 au num\u00e9ro. Il retrace le sort de dizaines de milliers d\u2019enfants qui ont v\u00e9cu cach\u00e9s en Suisse puisque le permis de saisonniers interdisait le regroupement familial. Le Nouveau Mus\u00e9e Bienne reprend jusqu\u2019au 25 juin 2023, tout en l\u2019adaptant, l\u2019exposition <em>Nous, saisonniers, saisonni\u00e8res\u2026 <\/em>pr\u00e9sent\u00e9e \u00e0 Gen\u00e8ve en 2019.<\/p>\n\n\n\n<p>Dans l\u2019espace public au contraire, seuls quelques rares traces rappellent le sort de cette force de travail issue d\u2019Italie, d\u2019Espagne, du Portugal et d\u2019ex-Yougoslavie que la Suisse a fait venir durant plus de 70 ans, entre l\u2019instauration du statut en 1931 et son abolition en 2002. Vingt ans apr\u00e8s, le sujet est relanc\u00e9 par la demande de r\u00e9paration d\u2019une association qui entend repr\u00e9senter les int\u00e9r\u00eats des travailleurs \u00e9trangers et de leurs enfants qui ont souffert des restrictions impos\u00e9es aux d\u00e9tenteurs\u00b7trices des permis A (saisonniers) et B (annuels).<\/p>\n\n\n\n<h6 class=\"wp-block-heading\">Image: Vue de l\u2019exposition <em>Nous, saisonniers, saisonni\u00e8res\u2026 Gen\u00e8ve 1931-2019<\/em> \u00a9 Photo Aur\u00e9lien Mole<\/h6>\n","protected":false},"excerpt":{"rendered":"<p>Au moment o\u00f9 para\u00eet la troisi\u00e8me livraison de traverse sur les saisonniers\u00b7\u00e8res en Suisse en cette fin d\u2019ann\u00e9e 2022, la th\u00e9matique para\u00eet \u00eatre au c\u0153ur de l\u2019actualit\u00e9. Alors que les stations de skis recherchent activement pour la saison qui s\u2019ouvre une main d\u2019\u0153uvre devenue rare, deux expositions retracent le sort de ces travailleurs\u00b7euses migrants\u00b7es. Celui-ci [&hellip;]<\/p>\n","protected":false},"author":6,"featured_media":8347,"comment_status":"open","ping_status":"open","sticky":false,"template":"","format":"standard","meta":{"footnotes":""},"tags":[],"class_list":["post-8351","post","type-post","status-publish","format-standard","has-post-thumbnail","hentry"],"_links":{"self":[{"href":"https:\/\/revue-traverse.ch\/fr\/wp-json\/wp\/v2\/posts\/8351","targetHints":{"allow":["GET"]}}],"collection":[{"href":"https:\/\/revue-traverse.ch\/fr\/wp-json\/wp\/v2\/posts"}],"about":[{"href":"https:\/\/revue-traverse.ch\/fr\/wp-json\/wp\/v2\/types\/post"}],"author":[{"embeddable":true,"href":"https:\/\/revue-traverse.ch\/fr\/wp-json\/wp\/v2\/users\/6"}],"replies":[{"embeddable":true,"href":"https:\/\/revue-traverse.ch\/fr\/wp-json\/wp\/v2\/comments?post=8351"}],"version-history":[{"count":2,"href":"https:\/\/revue-traverse.ch\/fr\/wp-json\/wp\/v2\/posts\/8351\/revisions"}],"predecessor-version":[{"id":8356,"href":"https:\/\/revue-traverse.ch\/fr\/wp-json\/wp\/v2\/posts\/8351\/revisions\/8356"}],"wp:featuredmedia":[{"embeddable":true,"href":"https:\/\/revue-traverse.ch\/fr\/wp-json\/wp\/v2\/media\/8347"}],"wp:attachment":[{"href":"https:\/\/revue-traverse.ch\/fr\/wp-json\/wp\/v2\/media?parent=8351"}],"wp:term":[{"taxonomy":"post_tag","embeddable":true,"href":"https:\/\/revue-traverse.ch\/fr\/wp-json\/wp\/v2\/tags?post=8351"}],"curies":[{"name":"wp","href":"https:\/\/api.w.org\/{rel}","templated":true}]}}